{"id":2273,"date":"2023-09-11T14:47:21","date_gmt":"2023-09-11T12:47:21","guid":{"rendered":"https:\/\/anaitasunaikastola.eus\/?p=2273"},"modified":"2023-09-11T14:47:21","modified_gmt":"2023-09-11T12:47:21","slug":"estancia-en-el-albergue-de-orio","status":"publish","type":"post","link":"https:\/\/anaitasunaikastola.eus\/es\/estancia-en-el-albergue-de-orio\/","title":{"rendered":"ESTANCIA EN EL ALBERGUE DE ORIO"},"content":{"rendered":"<p>Reci\u00e9n comenzado el curso, el alumnado de 6\u00ba de primaria acudir\u00e1 al albergue Txurruka de Orio para pasar tres d\u00edas, del 13 al 15 de septiembre. All\u00ed, adem\u00e1s de disfrutar de la playa, har\u00e1n actividades de nataci\u00f3n, surf( en Zarauz) y kayak (en Orio). Tambi\u00e9n esperan disfrutar de las veladas nocturnas y pasarlo en grande en un ambiente \u00fanico.<\/p>\n","protected":false},"excerpt":{"rendered":"<p>Reci\u00e9n comenzado el curso, el alumnado de 6\u00ba de primaria acudir\u00e1 al albergue Txurruka de Orio para pasar tres d\u00edas, del 13 al 15 de septiembre. All\u00ed, adem\u00e1s de disfrutar de la playa, har\u00e1n actividades de nataci\u00f3n, surf( en Zarauz) y kayak (en Orio). Tambi\u00e9n esperan disfrutar de las veladas nocturnas y pasarlo en grande [&hellip;]<\/p>\n","protected":false},"author":4,"featured_media":2284,"comment_status":"closed","ping_status":"closed","sticky":false,"template":"","format":"standard","meta":{"_et_pb_use_builder":"","_et_pb_old_content":"","_et_gb_content_width":"","footnotes":""},"categories":[12],"tags":[],"class_list":["post-2273","post","type-post","status-publish","format-standard","has-post-thumbnail","hentry","category-noticias","et-has-post-format-content","et_post_format-et-post-format-standard"],"yoast_head":"<!-- This site is optimized with the Yoast SEO plugin v27.3 - https:\/\/yoast.com\/product\/yoast-seo-wordpress\/ -->\n<title>ESTANCIA EN EL ALBERGUE DE ORIO - Anaitasuna Ikastola<\/title>\n<meta name=\"robots\" content=\"index, follow, max-snippet:-1, max-image-preview:large, max-video-preview:-1\" \/>\n<link rel=\"canonical\" href=\"https:\/\/anaitasunaikastola.eus\/es\/estancia-en-el-albergue-de-orio\/\" \/>\n<meta property=\"og:locale\" content=\"es_ES\" \/>\n<meta property=\"og:type\" content=\"article\" \/>\n<meta property=\"og:title\" content=\"ESTANCIA EN EL ALBERGUE DE ORIO - Anaitasuna Ikastola\" \/>\n<meta property=\"og:description\" content=\"Reci\u00e9n comenzado el curso, el alumnado de 6\u00ba de primaria acudir\u00e1 al albergue Txurruka de Orio para pasar tres d\u00edas, del 13 al 15 de septiembre. All\u00ed, adem\u00e1s de disfrutar de la playa, har\u00e1n actividades de nataci\u00f3n, surf( en Zarauz) y kayak (en Orio). Tambi\u00e9n esperan disfrutar de las veladas nocturnas y pasarlo en grande [&hellip;]\" \/>\n<meta property=\"og:url\" content=\"https:\/\/anaitasunaikastola.eus\/es\/estancia-en-el-albergue-de-orio\/\" \/>\n<meta property=\"og:site_name\" content=\"Anaitasuna Ikastola\" \/>\n<meta property=\"article:published_time\" content=\"2023-09-11T12:47:21+00:00\" \/>\n<meta name=\"author\" content=\"Anaitasuna\" \/>\n<meta name=\"twitter:card\" content=\"summary_large_image\" \/>\n<meta name=\"twitter:label1\" content=\"Escrito por\" \/>\n\t<meta name=\"twitter:data1\" content=\"Anaitasuna\" \/>\n\t<meta name=\"twitter:label2\" content=\"Tiempo de lectura\" \/>\n\t<meta name=\"twitter:data2\" content=\"1 minuto\" \/>\n<script type=\"application\/ld+json\" class=\"yoast-schema-graph\">{\"@context\":\"https:\\\/\\\/schema.org\",\"@graph\":[{\"@type\":\"Article\",\"@id\":\"https:\\\/\\\/anaitasunaikastola.eus\\\/es\\\/estancia-en-el-albergue-de-orio\\\/#article\",\"isPartOf\":{\"@id\":\"https:\\\/\\\/anaitasunaikastola.eus\\\/es\\\/estancia-en-el-albergue-de-orio\\\/\"},\"author\":{\"name\":\"Anaitasuna\",\"@id\":\"https:\\\/\\\/anaitasunaikastola.eus\\\/es\\\/#\\\/schema\\\/person\\\/5eab3add6851ae1edce574d48515b711\"},\"headline\":\"ESTANCIA EN EL ALBERGUE DE ORIO\",\"datePublished\":\"2023-09-11T12:47:21+00:00\",\"mainEntityOfPage\":{\"@id\":\"https:\\\/\\\/anaitasunaikastola.eus\\\/es\\\/estancia-en-el-albergue-de-orio\\\/\"},\"wordCount\":68,\"image\":{\"@id\":\"https:\\\/\\\/anaitasunaikastola.eus\\\/es\\\/estancia-en-el-albergue-de-orio\\\/#primaryimage\"},\"thumbnailUrl\":\"https:\\\/\\\/anaitasunaikastola.eus\\\/wp-content\\\/uploads\\\/2023\\\/09\\\/orio-2.jpg\",\"articleSection\":[\"Noticias\"],\"inLanguage\":\"es\"},{\"@type\":\"WebPage\",\"@id\":\"https:\\\/\\\/anaitasunaikastola.eus\\\/es\\\/estancia-en-el-albergue-de-orio\\\/\",\"url\":\"https:\\\/\\\/anaitasunaikastola.eus\\\/es\\\/estancia-en-el-albergue-de-orio\\\/\",\"name\":\"ESTANCIA EN EL ALBERGUE DE ORIO - Anaitasuna Ikastola\",\"isPartOf\":{\"@id\":\"https:\\\/\\\/anaitasunaikastola.eus\\\/es\\\/#website\"},\"primaryImageOfPage\":{\"@id\":\"https:\\\/\\\/anaitasunaikastola.eus\\\/es\\\/estancia-en-el-albergue-de-orio\\\/#primaryimage\"},\"image\":{\"@id\":\"https:\\\/\\\/anaitasunaikastola.eus\\\/es\\\/estancia-en-el-albergue-de-orio\\\/#primaryimage\"},\"thumbnailUrl\":\"https:\\\/\\\/anaitasunaikastola.eus\\\/wp-content\\\/uploads\\\/2023\\\/09\\\/orio-2.jpg\",\"datePublished\":\"2023-09-11T12:47:21+00:00\",\"author\":{\"@id\":\"https:\\\/\\\/anaitasunaikastola.eus\\\/es\\\/#\\\/schema\\\/person\\\/5eab3add6851ae1edce574d48515b711\"},\"breadcrumb\":{\"@id\":\"https:\\\/\\\/anaitasunaikastola.eus\\\/es\\\/estancia-en-el-albergue-de-orio\\\/#breadcrumb\"},\"inLanguage\":\"es\",\"potentialAction\":[{\"@type\":\"ReadAction\",\"target\":[\"https:\\\/\\\/anaitasunaikastola.eus\\\/es\\\/estancia-en-el-albergue-de-orio\\\/\"]}]},{\"@type\":\"ImageObject\",\"inLanguage\":\"es\",\"@id\":\"https:\\\/\\\/anaitasunaikastola.eus\\\/es\\\/estancia-en-el-albergue-de-orio\\\/#primaryimage\",\"url\":\"https:\\\/\\\/anaitasunaikastola.eus\\\/wp-content\\\/uploads\\\/2023\\\/09\\\/orio-2.jpg\",\"contentUrl\":\"https:\\\/\\\/anaitasunaikastola.eus\\\/wp-content\\\/uploads\\\/2023\\\/09\\\/orio-2.jpg\",\"width\":922,\"height\":637},{\"@type\":\"BreadcrumbList\",\"@id\":\"https:\\\/\\\/anaitasunaikastola.eus\\\/es\\\/estancia-en-el-albergue-de-orio\\\/#breadcrumb\",\"itemListElement\":[{\"@type\":\"ListItem\",\"position\":1,\"name\":\"Home\",\"item\":\"https:\\\/\\\/anaitasunaikastola.eus\\\/es\\\/\"},{\"@type\":\"ListItem\",\"position\":2,\"name\":\"ESTANCIA EN EL ALBERGUE DE ORIO\"}]},{\"@type\":\"WebSite\",\"@id\":\"https:\\\/\\\/anaitasunaikastola.eus\\\/es\\\/#website\",\"url\":\"https:\\\/\\\/anaitasunaikastola.eus\\\/es\\\/\",\"name\":\"Anaitasuna Ikastola\",\"description\":\"HLH ikastolako webgunea \u00b7 Ermua\",\"potentialAction\":[{\"@type\":\"SearchAction\",\"target\":{\"@type\":\"EntryPoint\",\"urlTemplate\":\"https:\\\/\\\/anaitasunaikastola.eus\\\/es\\\/?s={search_term_string}\"},\"query-input\":{\"@type\":\"PropertyValueSpecification\",\"valueRequired\":true,\"valueName\":\"search_term_string\"}}],\"inLanguage\":\"es\"},{\"@type\":\"Person\",\"@id\":\"https:\\\/\\\/anaitasunaikastola.eus\\\/es\\\/#\\\/schema\\\/person\\\/5eab3add6851ae1edce574d48515b711\",\"name\":\"Anaitasuna\",\"image\":{\"@type\":\"ImageObject\",\"inLanguage\":\"es\",\"@id\":\"https:\\\/\\\/secure.gravatar.com\\\/avatar\\\/da1cfe77a86b31ebb6491e6d623f25646c89ceb5a9cd16645c98e73b1a998395?s=96&d=mm&r=g\",\"url\":\"https:\\\/\\\/secure.gravatar.com\\\/avatar\\\/da1cfe77a86b31ebb6491e6d623f25646c89ceb5a9cd16645c98e73b1a998395?s=96&d=mm&r=g\",\"contentUrl\":\"https:\\\/\\\/secure.gravatar.com\\\/avatar\\\/da1cfe77a86b31ebb6491e6d623f25646c89ceb5a9cd16645c98e73b1a998395?s=96&d=mm&r=g\",\"caption\":\"Anaitasuna\"}}]}<\/script>\n<!-- \/ Yoast SEO plugin. -->","yoast_head_json":{"title":"ESTANCIA EN EL ALBERGUE DE ORIO - Anaitasuna Ikastola","robots":{"index":"index","follow":"follow","max-snippet":"max-snippet:-1","max-image-preview":"max-image-preview:large","max-video-preview":"max-video-preview:-1"},"canonical":"https:\/\/anaitasunaikastola.eus\/es\/estancia-en-el-albergue-de-orio\/","og_locale":"es_ES","og_type":"article","og_title":"ESTANCIA EN EL ALBERGUE DE ORIO - Anaitasuna Ikastola","og_description":"Reci\u00e9n comenzado el curso, el alumnado de 6\u00ba de primaria acudir\u00e1 al albergue Txurruka de Orio para pasar tres d\u00edas, del 13 al 15 de septiembre. All\u00ed, adem\u00e1s de disfrutar de la playa, har\u00e1n actividades de nataci\u00f3n, surf( en Zarauz) y kayak (en Orio). Tambi\u00e9n esperan disfrutar de las veladas nocturnas y pasarlo en grande [&hellip;]","og_url":"https:\/\/anaitasunaikastola.eus\/es\/estancia-en-el-albergue-de-orio\/","og_site_name":"Anaitasuna Ikastola","article_published_time":"2023-09-11T12:47:21+00:00","author":"Anaitasuna","twitter_card":"summary_large_image","twitter_misc":{"Escrito por":"Anaitasuna","Tiempo de lectura":"1 minuto"},"schema":{"@context":"https:\/\/schema.org","@graph":[{"@type":"Article","@id":"https:\/\/anaitasunaikastola.eus\/es\/estancia-en-el-albergue-de-orio\/#article","isPartOf":{"@id":"https:\/\/anaitasunaikastola.eus\/es\/estancia-en-el-albergue-de-orio\/"},"author":{"name":"Anaitasuna","@id":"https:\/\/anaitasunaikastola.eus\/es\/#\/schema\/person\/5eab3add6851ae1edce574d48515b711"},"headline":"ESTANCIA EN EL ALBERGUE DE ORIO","datePublished":"2023-09-11T12:47:21+00:00","mainEntityOfPage":{"@id":"https:\/\/anaitasunaikastola.eus\/es\/estancia-en-el-albergue-de-orio\/"},"wordCount":68,"image":{"@id":"https:\/\/anaitasunaikastola.eus\/es\/estancia-en-el-albergue-de-orio\/#primaryimage"},"thumbnailUrl":"https:\/\/anaitasunaikastola.eus\/wp-content\/uploads\/2023\/09\/orio-2.jpg","articleSection":["Noticias"],"inLanguage":"es"},{"@type":"WebPage","@id":"https:\/\/anaitasunaikastola.eus\/es\/estancia-en-el-albergue-de-orio\/","url":"https:\/\/anaitasunaikastola.eus\/es\/estancia-en-el-albergue-de-orio\/","name":"ESTANCIA EN EL ALBERGUE DE ORIO - Anaitasuna Ikastola","isPartOf":{"@id":"https:\/\/anaitasunaikastola.eus\/es\/#website"},"primaryImageOfPage":{"@id":"https:\/\/anaitasunaikastola.eus\/es\/estancia-en-el-albergue-de-orio\/#primaryimage"},"image":{"@id":"https:\/\/anaitasunaikastola.eus\/es\/estancia-en-el-albergue-de-orio\/#primaryimage"},"thumbnailUrl":"https:\/\/anaitasunaikastola.eus\/wp-content\/uploads\/2023\/09\/orio-2.jpg","datePublished":"2023-09-11T12:47:21+00:00","author":{"@id":"https:\/\/anaitasunaikastola.eus\/es\/#\/schema\/person\/5eab3add6851ae1edce574d48515b711"},"breadcrumb":{"@id":"https:\/\/anaitasunaikastola.eus\/es\/estancia-en-el-albergue-de-orio\/#breadcrumb"},"inLanguage":"es","potentialAction":[{"@type":"ReadAction","target":["https:\/\/anaitasunaikastola.eus\/es\/estancia-en-el-albergue-de-orio\/"]}]},{"@type":"ImageObject","inLanguage":"es","@id":"https:\/\/anaitasunaikastola.eus\/es\/estancia-en-el-albergue-de-orio\/#primaryimage","url":"https:\/\/anaitasunaikastola.eus\/wp-content\/uploads\/2023\/09\/orio-2.jpg","contentUrl":"https:\/\/anaitasunaikastola.eus\/wp-content\/uploads\/2023\/09\/orio-2.jpg","width":922,"height":637},{"@type":"BreadcrumbList","@id":"https:\/\/anaitasunaikastola.eus\/es\/estancia-en-el-albergue-de-orio\/#breadcrumb","itemListElement":[{"@type":"ListItem","position":1,"name":"Home","item":"https:\/\/anaitasunaikastola.eus\/es\/"},{"@type":"ListItem","position":2,"name":"ESTANCIA EN EL ALBERGUE DE ORIO"}]},{"@type":"WebSite","@id":"https:\/\/anaitasunaikastola.eus\/es\/#website","url":"https:\/\/anaitasunaikastola.eus\/es\/","name":"Anaitasuna Ikastola","description":"HLH ikastolako webgunea \u00b7 Ermua","potentialAction":[{"@type":"SearchAction","target":{"@type":"EntryPoint","urlTemplate":"https:\/\/anaitasunaikastola.eus\/es\/?s={search_term_string}"},"query-input":{"@type":"PropertyValueSpecification","valueRequired":true,"valueName":"search_term_string"}}],"inLanguage":"es"},{"@type":"Person","@id":"https:\/\/anaitasunaikastola.eus\/es\/#\/schema\/person\/5eab3add6851ae1edce574d48515b711","name":"Anaitasuna","image":{"@type":"ImageObject","inLanguage":"es","@id":"https:\/\/secure.gravatar.com\/avatar\/da1cfe77a86b31ebb6491e6d623f25646c89ceb5a9cd16645c98e73b1a998395?s=96&d=mm&r=g","url":"https:\/\/secure.gravatar.com\/avatar\/da1cfe77a86b31ebb6491e6d623f25646c89ceb5a9cd16645c98e73b1a998395?s=96&d=mm&r=g","contentUrl":"https:\/\/secure.gravatar.com\/avatar\/da1cfe77a86b31ebb6491e6d623f25646c89ceb5a9cd16645c98e73b1a998395?s=96&d=mm&r=g","caption":"Anaitasuna"}}]}},"_links":{"self":[{"href":"https:\/\/anaitasunaikastola.eus\/es\/wp-json\/wp\/v2\/posts\/2273","targetHints":{"allow":["GET"]}}],"collection":[{"href":"https:\/\/anaitasunaikastola.eus\/es\/wp-json\/wp\/v2\/posts"}],"about":[{"href":"https:\/\/anaitasunaikastola.eus\/es\/wp-json\/wp\/v2\/types\/post"}],"author":[{"embeddable":true,"href":"https:\/\/anaitasunaikastola.eus\/es\/wp-json\/wp\/v2\/users\/4"}],"replies":[{"embeddable":true,"href":"https:\/\/anaitasunaikastola.eus\/es\/wp-json\/wp\/v2\/comments?post=2273"}],"version-history":[{"count":1,"href":"https:\/\/anaitasunaikastola.eus\/es\/wp-json\/wp\/v2\/posts\/2273\/revisions"}],"predecessor-version":[{"id":2274,"href":"https:\/\/anaitasunaikastola.eus\/es\/wp-json\/wp\/v2\/posts\/2273\/revisions\/2274"}],"wp:featuredmedia":[{"embeddable":true,"href":"https:\/\/anaitasunaikastola.eus\/es\/wp-json\/wp\/v2\/media\/2284"}],"wp:attachment":[{"href":"https:\/\/anaitasunaikastola.eus\/es\/wp-json\/wp\/v2\/media?parent=2273"}],"wp:term":[{"taxonomy":"category","embeddable":true,"href":"https:\/\/anaitasunaikastola.eus\/es\/wp-json\/wp\/v2\/categories?post=2273"},{"taxonomy":"post_tag","embeddable":true,"href":"https:\/\/anaitasunaikastola.eus\/es\/wp-json\/wp\/v2\/tags?post=2273"}],"curies":[{"name":"wp","href":"https:\/\/api.w.org\/{rel}","templated":true}]}}