{"id":2297,"date":"2023-09-18T12:20:18","date_gmt":"2023-09-18T10:20:18","guid":{"rendered":"https:\/\/anaitasunaikastola.eus\/?p=2297"},"modified":"2023-09-18T12:20:18","modified_gmt":"2023-09-18T10:20:18","slug":"semana-europea-de-la-movilidad","status":"publish","type":"post","link":"https:\/\/anaitasunaikastola.eus\/es\/semana-europea-de-la-movilidad\/","title":{"rendered":"Semana europea de la movilidad"},"content":{"rendered":"<p>Con motivo de la semana\u00a0 europea de la movilidad 2023, ma\u00f1ana martes 19 de septiembre por la tarde en horario de 14:30-16:00 horas\u00a0 el alumnado de sexto realizar\u00e1 un circuito de bicicleta en el patio de la Ikastola<\/p>\n<p>Es una campa\u00f1a dirigida a sensibilizar, tanto a los responsables pol\u00edticos como a los ciudadanos, sobre los beneficios tanto para la salud p\u00fablica como para el medio ambiente asociados al uso de modos de transporte m\u00e1s sostenibles, en particular, el transporte p\u00fablico, la bicicleta y los desplazamientos a pie.<\/p>\n","protected":false},"excerpt":{"rendered":"<p>Con motivo de la semana\u00a0 europea de la movilidad 2023, ma\u00f1ana martes 19 de septiembre por la tarde en horario de 14:30-16:00 horas\u00a0 el alumnado de sexto realizar\u00e1 un circuito de bicicleta en el patio de la Ikastola Es una campa\u00f1a dirigida a sensibilizar, tanto a los responsables pol\u00edticos como a los ciudadanos, sobre los [&hellip;]<\/p>\n","protected":false},"author":4,"featured_media":1372,"comment_status":"closed","ping_status":"closed","sticky":false,"template":"","format":"standard","meta":{"_et_pb_use_builder":"","_et_pb_old_content":"","_et_gb_content_width":"","footnotes":""},"categories":[12],"tags":[],"class_list":["post-2297","post","type-post","status-publish","format-standard","has-post-thumbnail","hentry","category-noticias","et-has-post-format-content","et_post_format-et-post-format-standard"],"yoast_head":"<!-- This site is optimized with the Yoast SEO plugin v27.3 - https:\/\/yoast.com\/product\/yoast-seo-wordpress\/ -->\n<title>Semana europea de la movilidad - Anaitasuna Ikastola<\/title>\n<meta name=\"robots\" content=\"index, follow, max-snippet:-1, max-image-preview:large, max-video-preview:-1\" \/>\n<link rel=\"canonical\" href=\"https:\/\/anaitasunaikastola.eus\/es\/semana-europea-de-la-movilidad\/\" \/>\n<meta property=\"og:locale\" content=\"es_ES\" \/>\n<meta property=\"og:type\" content=\"article\" \/>\n<meta property=\"og:title\" content=\"Semana europea de la movilidad - Anaitasuna Ikastola\" \/>\n<meta property=\"og:description\" content=\"Con motivo de la semana\u00a0 europea de la movilidad 2023, ma\u00f1ana martes 19 de septiembre por la tarde en horario de 14:30-16:00 horas\u00a0 el alumnado de sexto realizar\u00e1 un circuito de bicicleta en el patio de la Ikastola Es una campa\u00f1a dirigida a sensibilizar, tanto a los responsables pol\u00edticos como a los ciudadanos, sobre los [&hellip;]\" \/>\n<meta property=\"og:url\" content=\"https:\/\/anaitasunaikastola.eus\/es\/semana-europea-de-la-movilidad\/\" \/>\n<meta property=\"og:site_name\" content=\"Anaitasuna Ikastola\" \/>\n<meta property=\"article:published_time\" content=\"2023-09-18T10:20:18+00:00\" \/>\n<meta name=\"author\" content=\"Anaitasuna\" \/>\n<meta name=\"twitter:card\" content=\"summary_large_image\" \/>\n<meta name=\"twitter:label1\" content=\"Escrito por\" \/>\n\t<meta name=\"twitter:data1\" content=\"Anaitasuna\" \/>\n\t<meta name=\"twitter:label2\" content=\"Tiempo de lectura\" \/>\n\t<meta name=\"twitter:data2\" content=\"1 minuto\" \/>\n<script type=\"application\/ld+json\" class=\"yoast-schema-graph\">{\"@context\":\"https:\\\/\\\/schema.org\",\"@graph\":[{\"@type\":\"Article\",\"@id\":\"https:\\\/\\\/anaitasunaikastola.eus\\\/es\\\/semana-europea-de-la-movilidad\\\/#article\",\"isPartOf\":{\"@id\":\"https:\\\/\\\/anaitasunaikastola.eus\\\/es\\\/semana-europea-de-la-movilidad\\\/\"},\"author\":{\"name\":\"Anaitasuna\",\"@id\":\"https:\\\/\\\/anaitasunaikastola.eus\\\/es\\\/#\\\/schema\\\/person\\\/5eab3add6851ae1edce574d48515b711\"},\"headline\":\"Semana europea de la movilidad\",\"datePublished\":\"2023-09-18T10:20:18+00:00\",\"mainEntityOfPage\":{\"@id\":\"https:\\\/\\\/anaitasunaikastola.eus\\\/es\\\/semana-europea-de-la-movilidad\\\/\"},\"wordCount\":96,\"image\":{\"@id\":\"https:\\\/\\\/anaitasunaikastola.eus\\\/es\\\/semana-europea-de-la-movilidad\\\/#primaryimage\"},\"thumbnailUrl\":\"https:\\\/\\\/anaitasunaikastola.eus\\\/wp-content\\\/uploads\\\/2023\\\/06\\\/anaitasuna_logo_legenda.png\",\"articleSection\":[\"Noticias\"],\"inLanguage\":\"es\"},{\"@type\":\"WebPage\",\"@id\":\"https:\\\/\\\/anaitasunaikastola.eus\\\/es\\\/semana-europea-de-la-movilidad\\\/\",\"url\":\"https:\\\/\\\/anaitasunaikastola.eus\\\/es\\\/semana-europea-de-la-movilidad\\\/\",\"name\":\"Semana europea de la movilidad - Anaitasuna Ikastola\",\"isPartOf\":{\"@id\":\"https:\\\/\\\/anaitasunaikastola.eus\\\/es\\\/#website\"},\"primaryImageOfPage\":{\"@id\":\"https:\\\/\\\/anaitasunaikastola.eus\\\/es\\\/semana-europea-de-la-movilidad\\\/#primaryimage\"},\"image\":{\"@id\":\"https:\\\/\\\/anaitasunaikastola.eus\\\/es\\\/semana-europea-de-la-movilidad\\\/#primaryimage\"},\"thumbnailUrl\":\"https:\\\/\\\/anaitasunaikastola.eus\\\/wp-content\\\/uploads\\\/2023\\\/06\\\/anaitasuna_logo_legenda.png\",\"datePublished\":\"2023-09-18T10:20:18+00:00\",\"author\":{\"@id\":\"https:\\\/\\\/anaitasunaikastola.eus\\\/es\\\/#\\\/schema\\\/person\\\/5eab3add6851ae1edce574d48515b711\"},\"breadcrumb\":{\"@id\":\"https:\\\/\\\/anaitasunaikastola.eus\\\/es\\\/semana-europea-de-la-movilidad\\\/#breadcrumb\"},\"inLanguage\":\"es\",\"potentialAction\":[{\"@type\":\"ReadAction\",\"target\":[\"https:\\\/\\\/anaitasunaikastola.eus\\\/es\\\/semana-europea-de-la-movilidad\\\/\"]}]},{\"@type\":\"ImageObject\",\"inLanguage\":\"es\",\"@id\":\"https:\\\/\\\/anaitasunaikastola.eus\\\/es\\\/semana-europea-de-la-movilidad\\\/#primaryimage\",\"url\":\"https:\\\/\\\/anaitasunaikastola.eus\\\/wp-content\\\/uploads\\\/2023\\\/06\\\/anaitasuna_logo_legenda.png\",\"contentUrl\":\"https:\\\/\\\/anaitasunaikastola.eus\\\/wp-content\\\/uploads\\\/2023\\\/06\\\/anaitasuna_logo_legenda.png\",\"width\":1729,\"height\":745},{\"@type\":\"BreadcrumbList\",\"@id\":\"https:\\\/\\\/anaitasunaikastola.eus\\\/es\\\/semana-europea-de-la-movilidad\\\/#breadcrumb\",\"itemListElement\":[{\"@type\":\"ListItem\",\"position\":1,\"name\":\"Home\",\"item\":\"https:\\\/\\\/anaitasunaikastola.eus\\\/es\\\/\"},{\"@type\":\"ListItem\",\"position\":2,\"name\":\"Semana europea de la movilidad\"}]},{\"@type\":\"WebSite\",\"@id\":\"https:\\\/\\\/anaitasunaikastola.eus\\\/es\\\/#website\",\"url\":\"https:\\\/\\\/anaitasunaikastola.eus\\\/es\\\/\",\"name\":\"Anaitasuna Ikastola\",\"description\":\"HLH ikastolako webgunea \u00b7 Ermua\",\"potentialAction\":[{\"@type\":\"SearchAction\",\"target\":{\"@type\":\"EntryPoint\",\"urlTemplate\":\"https:\\\/\\\/anaitasunaikastola.eus\\\/es\\\/?s={search_term_string}\"},\"query-input\":{\"@type\":\"PropertyValueSpecification\",\"valueRequired\":true,\"valueName\":\"search_term_string\"}}],\"inLanguage\":\"es\"},{\"@type\":\"Person\",\"@id\":\"https:\\\/\\\/anaitasunaikastola.eus\\\/es\\\/#\\\/schema\\\/person\\\/5eab3add6851ae1edce574d48515b711\",\"name\":\"Anaitasuna\",\"image\":{\"@type\":\"ImageObject\",\"inLanguage\":\"es\",\"@id\":\"https:\\\/\\\/secure.gravatar.com\\\/avatar\\\/da1cfe77a86b31ebb6491e6d623f25646c89ceb5a9cd16645c98e73b1a998395?s=96&d=mm&r=g\",\"url\":\"https:\\\/\\\/secure.gravatar.com\\\/avatar\\\/da1cfe77a86b31ebb6491e6d623f25646c89ceb5a9cd16645c98e73b1a998395?s=96&d=mm&r=g\",\"contentUrl\":\"https:\\\/\\\/secure.gravatar.com\\\/avatar\\\/da1cfe77a86b31ebb6491e6d623f25646c89ceb5a9cd16645c98e73b1a998395?s=96&d=mm&r=g\",\"caption\":\"Anaitasuna\"}}]}<\/script>\n<!-- \/ Yoast SEO plugin. -->","yoast_head_json":{"title":"Semana europea de la movilidad - Anaitasuna Ikastola","robots":{"index":"index","follow":"follow","max-snippet":"max-snippet:-1","max-image-preview":"max-image-preview:large","max-video-preview":"max-video-preview:-1"},"canonical":"https:\/\/anaitasunaikastola.eus\/es\/semana-europea-de-la-movilidad\/","og_locale":"es_ES","og_type":"article","og_title":"Semana europea de la movilidad - Anaitasuna Ikastola","og_description":"Con motivo de la semana\u00a0 europea de la movilidad 2023, ma\u00f1ana martes 19 de septiembre por la tarde en horario de 14:30-16:00 horas\u00a0 el alumnado de sexto realizar\u00e1 un circuito de bicicleta en el patio de la Ikastola Es una campa\u00f1a dirigida a sensibilizar, tanto a los responsables pol\u00edticos como a los ciudadanos, sobre los [&hellip;]","og_url":"https:\/\/anaitasunaikastola.eus\/es\/semana-europea-de-la-movilidad\/","og_site_name":"Anaitasuna Ikastola","article_published_time":"2023-09-18T10:20:18+00:00","author":"Anaitasuna","twitter_card":"summary_large_image","twitter_misc":{"Escrito por":"Anaitasuna","Tiempo de lectura":"1 minuto"},"schema":{"@context":"https:\/\/schema.org","@graph":[{"@type":"Article","@id":"https:\/\/anaitasunaikastola.eus\/es\/semana-europea-de-la-movilidad\/#article","isPartOf":{"@id":"https:\/\/anaitasunaikastola.eus\/es\/semana-europea-de-la-movilidad\/"},"author":{"name":"Anaitasuna","@id":"https:\/\/anaitasunaikastola.eus\/es\/#\/schema\/person\/5eab3add6851ae1edce574d48515b711"},"headline":"Semana europea de la movilidad","datePublished":"2023-09-18T10:20:18+00:00","mainEntityOfPage":{"@id":"https:\/\/anaitasunaikastola.eus\/es\/semana-europea-de-la-movilidad\/"},"wordCount":96,"image":{"@id":"https:\/\/anaitasunaikastola.eus\/es\/semana-europea-de-la-movilidad\/#primaryimage"},"thumbnailUrl":"https:\/\/anaitasunaikastola.eus\/wp-content\/uploads\/2023\/06\/anaitasuna_logo_legenda.png","articleSection":["Noticias"],"inLanguage":"es"},{"@type":"WebPage","@id":"https:\/\/anaitasunaikastola.eus\/es\/semana-europea-de-la-movilidad\/","url":"https:\/\/anaitasunaikastola.eus\/es\/semana-europea-de-la-movilidad\/","name":"Semana europea de la movilidad - Anaitasuna Ikastola","isPartOf":{"@id":"https:\/\/anaitasunaikastola.eus\/es\/#website"},"primaryImageOfPage":{"@id":"https:\/\/anaitasunaikastola.eus\/es\/semana-europea-de-la-movilidad\/#primaryimage"},"image":{"@id":"https:\/\/anaitasunaikastola.eus\/es\/semana-europea-de-la-movilidad\/#primaryimage"},"thumbnailUrl":"https:\/\/anaitasunaikastola.eus\/wp-content\/uploads\/2023\/06\/anaitasuna_logo_legenda.png","datePublished":"2023-09-18T10:20:18+00:00","author":{"@id":"https:\/\/anaitasunaikastola.eus\/es\/#\/schema\/person\/5eab3add6851ae1edce574d48515b711"},"breadcrumb":{"@id":"https:\/\/anaitasunaikastola.eus\/es\/semana-europea-de-la-movilidad\/#breadcrumb"},"inLanguage":"es","potentialAction":[{"@type":"ReadAction","target":["https:\/\/anaitasunaikastola.eus\/es\/semana-europea-de-la-movilidad\/"]}]},{"@type":"ImageObject","inLanguage":"es","@id":"https:\/\/anaitasunaikastola.eus\/es\/semana-europea-de-la-movilidad\/#primaryimage","url":"https:\/\/anaitasunaikastola.eus\/wp-content\/uploads\/2023\/06\/anaitasuna_logo_legenda.png","contentUrl":"https:\/\/anaitasunaikastola.eus\/wp-content\/uploads\/2023\/06\/anaitasuna_logo_legenda.png","width":1729,"height":745},{"@type":"BreadcrumbList","@id":"https:\/\/anaitasunaikastola.eus\/es\/semana-europea-de-la-movilidad\/#breadcrumb","itemListElement":[{"@type":"ListItem","position":1,"name":"Home","item":"https:\/\/anaitasunaikastola.eus\/es\/"},{"@type":"ListItem","position":2,"name":"Semana europea de la movilidad"}]},{"@type":"WebSite","@id":"https:\/\/anaitasunaikastola.eus\/es\/#website","url":"https:\/\/anaitasunaikastola.eus\/es\/","name":"Anaitasuna Ikastola","description":"HLH ikastolako webgunea \u00b7 Ermua","potentialAction":[{"@type":"SearchAction","target":{"@type":"EntryPoint","urlTemplate":"https:\/\/anaitasunaikastola.eus\/es\/?s={search_term_string}"},"query-input":{"@type":"PropertyValueSpecification","valueRequired":true,"valueName":"search_term_string"}}],"inLanguage":"es"},{"@type":"Person","@id":"https:\/\/anaitasunaikastola.eus\/es\/#\/schema\/person\/5eab3add6851ae1edce574d48515b711","name":"Anaitasuna","image":{"@type":"ImageObject","inLanguage":"es","@id":"https:\/\/secure.gravatar.com\/avatar\/da1cfe77a86b31ebb6491e6d623f25646c89ceb5a9cd16645c98e73b1a998395?s=96&d=mm&r=g","url":"https:\/\/secure.gravatar.com\/avatar\/da1cfe77a86b31ebb6491e6d623f25646c89ceb5a9cd16645c98e73b1a998395?s=96&d=mm&r=g","contentUrl":"https:\/\/secure.gravatar.com\/avatar\/da1cfe77a86b31ebb6491e6d623f25646c89ceb5a9cd16645c98e73b1a998395?s=96&d=mm&r=g","caption":"Anaitasuna"}}]}},"_links":{"self":[{"href":"https:\/\/anaitasunaikastola.eus\/es\/wp-json\/wp\/v2\/posts\/2297","targetHints":{"allow":["GET"]}}],"collection":[{"href":"https:\/\/anaitasunaikastola.eus\/es\/wp-json\/wp\/v2\/posts"}],"about":[{"href":"https:\/\/anaitasunaikastola.eus\/es\/wp-json\/wp\/v2\/types\/post"}],"author":[{"embeddable":true,"href":"https:\/\/anaitasunaikastola.eus\/es\/wp-json\/wp\/v2\/users\/4"}],"replies":[{"embeddable":true,"href":"https:\/\/anaitasunaikastola.eus\/es\/wp-json\/wp\/v2\/comments?post=2297"}],"version-history":[{"count":1,"href":"https:\/\/anaitasunaikastola.eus\/es\/wp-json\/wp\/v2\/posts\/2297\/revisions"}],"predecessor-version":[{"id":2298,"href":"https:\/\/anaitasunaikastola.eus\/es\/wp-json\/wp\/v2\/posts\/2297\/revisions\/2298"}],"wp:featuredmedia":[{"embeddable":true,"href":"https:\/\/anaitasunaikastola.eus\/es\/wp-json\/wp\/v2\/media\/1372"}],"wp:attachment":[{"href":"https:\/\/anaitasunaikastola.eus\/es\/wp-json\/wp\/v2\/media?parent=2297"}],"wp:term":[{"taxonomy":"category","embeddable":true,"href":"https:\/\/anaitasunaikastola.eus\/es\/wp-json\/wp\/v2\/categories?post=2297"},{"taxonomy":"post_tag","embeddable":true,"href":"https:\/\/anaitasunaikastola.eus\/es\/wp-json\/wp\/v2\/tags?post=2297"}],"curies":[{"name":"wp","href":"https:\/\/api.w.org\/{rel}","templated":true}]}}