{"id":2308,"date":"2023-09-21T12:05:34","date_gmt":"2023-09-21T10:05:34","guid":{"rendered":"https:\/\/anaitasunaikastola.eus\/?p=2308"},"modified":"2023-09-21T12:05:34","modified_gmt":"2023-09-21T10:05:34","slug":"granja-escuela-baratze","status":"publish","type":"post","link":"https:\/\/anaitasunaikastola.eus\/es\/granja-escuela-baratze\/","title":{"rendered":"GRANJA ESCUELA BARATZE"},"content":{"rendered":"<p><img loading=\"lazy\" decoding=\"async\" class=\"alignnone size-medium wp-image-2302\" src=\"https:\/\/anaitasunaikastola.eus\/wp-content\/uploads\/2023\/09\/baratze-3-txikia-300x200.jpg\" alt=\"\" width=\"300\" height=\"200\" srcset=\"https:\/\/anaitasunaikastola.eus\/wp-content\/uploads\/2023\/09\/baratze-3-txikia-300x200.jpg 300w, https:\/\/anaitasunaikastola.eus\/wp-content\/uploads\/2023\/09\/baratze-3-txikia.jpg 640w\" sizes=\"(max-width: 300px) 100vw, 300px\" \/><\/p>\n<p>&nbsp;<\/p>\n<p>Para dar un buen comienzo al curso, el alumnado y profesorado de 4\u00ba de primaria, disfrutaremos de una estancia de tres d\u00edas (del 25 al 27 de septiembre) en la granja-escuela <em>Baratze<\/em>.<\/p>\n<p>All\u00ed, tendremos la oportunidad de conocer la Biosfera de Urdaibai y acercarnos a la vida en el caser\u00edo: huerta, animales, artesan\u00eda&#8230;<\/p>\n<p>Esperamos pasarlo en grande.<\/p>\n","protected":false},"excerpt":{"rendered":"<p>&nbsp; Para dar un buen comienzo al curso, el alumnado y profesorado de 4\u00ba de primaria, disfrutaremos de una estancia de tres d\u00edas (del 25 al 27 de septiembre) en la granja-escuela Baratze. All\u00ed, tendremos la oportunidad de conocer la Biosfera de Urdaibai y acercarnos a la vida en el caser\u00edo: huerta, animales, artesan\u00eda&#8230; Esperamos [&hellip;]<\/p>\n","protected":false},"author":4,"featured_media":2303,"comment_status":"closed","ping_status":"closed","sticky":false,"template":"","format":"standard","meta":{"_et_pb_use_builder":"off","_et_pb_old_content":"","_et_gb_content_width":"","footnotes":""},"categories":[12],"tags":[],"class_list":["post-2308","post","type-post","status-publish","format-standard","has-post-thumbnail","hentry","category-noticias","et-has-post-format-content","et_post_format-et-post-format-standard"],"yoast_head":"<!-- This site is optimized with the Yoast SEO plugin v27.3 - https:\/\/yoast.com\/product\/yoast-seo-wordpress\/ -->\n<title>GRANJA ESCUELA BARATZE - Anaitasuna Ikastola<\/title>\n<meta name=\"robots\" content=\"index, follow, max-snippet:-1, max-image-preview:large, max-video-preview:-1\" \/>\n<link rel=\"canonical\" href=\"https:\/\/anaitasunaikastola.eus\/es\/granja-escuela-baratze\/\" \/>\n<meta property=\"og:locale\" content=\"es_ES\" \/>\n<meta property=\"og:type\" content=\"article\" \/>\n<meta property=\"og:title\" content=\"GRANJA ESCUELA BARATZE - Anaitasuna Ikastola\" \/>\n<meta property=\"og:description\" content=\"&nbsp; Para dar un buen comienzo al curso, el alumnado y profesorado de 4\u00ba de primaria, disfrutaremos de una estancia de tres d\u00edas (del 25 al 27 de septiembre) en la granja-escuela Baratze. All\u00ed, tendremos la oportunidad de conocer la Biosfera de Urdaibai y acercarnos a la vida en el caser\u00edo: huerta, animales, artesan\u00eda&#8230; Esperamos [&hellip;]\" \/>\n<meta property=\"og:url\" content=\"https:\/\/anaitasunaikastola.eus\/es\/granja-escuela-baratze\/\" \/>\n<meta property=\"og:site_name\" content=\"Anaitasuna Ikastola\" \/>\n<meta property=\"article:published_time\" content=\"2023-09-21T10:05:34+00:00\" \/>\n<meta property=\"og:image\" content=\"https:\/\/anaitasunaikastola.eus\/wp-content\/uploads\/2023\/09\/baratze-3-txikia-300x200.jpg\" \/>\n<meta name=\"author\" content=\"Anaitasuna\" \/>\n<meta name=\"twitter:card\" content=\"summary_large_image\" \/>\n<meta name=\"twitter:label1\" content=\"Escrito por\" \/>\n\t<meta name=\"twitter:data1\" content=\"Anaitasuna\" \/>\n\t<meta name=\"twitter:label2\" content=\"Tiempo de lectura\" \/>\n\t<meta name=\"twitter:data2\" content=\"1 minuto\" \/>\n<script type=\"application\/ld+json\" class=\"yoast-schema-graph\">{\"@context\":\"https:\\\/\\\/schema.org\",\"@graph\":[{\"@type\":\"Article\",\"@id\":\"https:\\\/\\\/anaitasunaikastola.eus\\\/es\\\/granja-escuela-baratze\\\/#article\",\"isPartOf\":{\"@id\":\"https:\\\/\\\/anaitasunaikastola.eus\\\/es\\\/granja-escuela-baratze\\\/\"},\"author\":{\"name\":\"Anaitasuna\",\"@id\":\"https:\\\/\\\/anaitasunaikastola.eus\\\/es\\\/#\\\/schema\\\/person\\\/5eab3add6851ae1edce574d48515b711\"},\"headline\":\"GRANJA ESCUELA BARATZE\",\"datePublished\":\"2023-09-21T10:05:34+00:00\",\"mainEntityOfPage\":{\"@id\":\"https:\\\/\\\/anaitasunaikastola.eus\\\/es\\\/granja-escuela-baratze\\\/\"},\"wordCount\":61,\"image\":{\"@id\":\"https:\\\/\\\/anaitasunaikastola.eus\\\/es\\\/granja-escuela-baratze\\\/#primaryimage\"},\"thumbnailUrl\":\"https:\\\/\\\/anaitasunaikastola.eus\\\/wp-content\\\/uploads\\\/2023\\\/09\\\/baratze-3-txikia.jpg\",\"articleSection\":[\"Noticias\"],\"inLanguage\":\"es\"},{\"@type\":\"WebPage\",\"@id\":\"https:\\\/\\\/anaitasunaikastola.eus\\\/es\\\/granja-escuela-baratze\\\/\",\"url\":\"https:\\\/\\\/anaitasunaikastola.eus\\\/es\\\/granja-escuela-baratze\\\/\",\"name\":\"GRANJA ESCUELA BARATZE - Anaitasuna Ikastola\",\"isPartOf\":{\"@id\":\"https:\\\/\\\/anaitasunaikastola.eus\\\/es\\\/#website\"},\"primaryImageOfPage\":{\"@id\":\"https:\\\/\\\/anaitasunaikastola.eus\\\/es\\\/granja-escuela-baratze\\\/#primaryimage\"},\"image\":{\"@id\":\"https:\\\/\\\/anaitasunaikastola.eus\\\/es\\\/granja-escuela-baratze\\\/#primaryimage\"},\"thumbnailUrl\":\"https:\\\/\\\/anaitasunaikastola.eus\\\/wp-content\\\/uploads\\\/2023\\\/09\\\/baratze-3-txikia.jpg\",\"datePublished\":\"2023-09-21T10:05:34+00:00\",\"author\":{\"@id\":\"https:\\\/\\\/anaitasunaikastola.eus\\\/es\\\/#\\\/schema\\\/person\\\/5eab3add6851ae1edce574d48515b711\"},\"breadcrumb\":{\"@id\":\"https:\\\/\\\/anaitasunaikastola.eus\\\/es\\\/granja-escuela-baratze\\\/#breadcrumb\"},\"inLanguage\":\"es\",\"potentialAction\":[{\"@type\":\"ReadAction\",\"target\":[\"https:\\\/\\\/anaitasunaikastola.eus\\\/es\\\/granja-escuela-baratze\\\/\"]}]},{\"@type\":\"ImageObject\",\"inLanguage\":\"es\",\"@id\":\"https:\\\/\\\/anaitasunaikastola.eus\\\/es\\\/granja-escuela-baratze\\\/#primaryimage\",\"url\":\"https:\\\/\\\/anaitasunaikastola.eus\\\/wp-content\\\/uploads\\\/2023\\\/09\\\/baratze-3-txikia.jpg\",\"contentUrl\":\"https:\\\/\\\/anaitasunaikastola.eus\\\/wp-content\\\/uploads\\\/2023\\\/09\\\/baratze-3-txikia.jpg\",\"width\":640,\"height\":427},{\"@type\":\"BreadcrumbList\",\"@id\":\"https:\\\/\\\/anaitasunaikastola.eus\\\/es\\\/granja-escuela-baratze\\\/#breadcrumb\",\"itemListElement\":[{\"@type\":\"ListItem\",\"position\":1,\"name\":\"Home\",\"item\":\"https:\\\/\\\/anaitasunaikastola.eus\\\/es\\\/\"},{\"@type\":\"ListItem\",\"position\":2,\"name\":\"GRANJA ESCUELA BARATZE\"}]},{\"@type\":\"WebSite\",\"@id\":\"https:\\\/\\\/anaitasunaikastola.eus\\\/es\\\/#website\",\"url\":\"https:\\\/\\\/anaitasunaikastola.eus\\\/es\\\/\",\"name\":\"Anaitasuna Ikastola\",\"description\":\"HLH ikastolako webgunea \u00b7 Ermua\",\"potentialAction\":[{\"@type\":\"SearchAction\",\"target\":{\"@type\":\"EntryPoint\",\"urlTemplate\":\"https:\\\/\\\/anaitasunaikastola.eus\\\/es\\\/?s={search_term_string}\"},\"query-input\":{\"@type\":\"PropertyValueSpecification\",\"valueRequired\":true,\"valueName\":\"search_term_string\"}}],\"inLanguage\":\"es\"},{\"@type\":\"Person\",\"@id\":\"https:\\\/\\\/anaitasunaikastola.eus\\\/es\\\/#\\\/schema\\\/person\\\/5eab3add6851ae1edce574d48515b711\",\"name\":\"Anaitasuna\",\"image\":{\"@type\":\"ImageObject\",\"inLanguage\":\"es\",\"@id\":\"https:\\\/\\\/secure.gravatar.com\\\/avatar\\\/da1cfe77a86b31ebb6491e6d623f25646c89ceb5a9cd16645c98e73b1a998395?s=96&d=mm&r=g\",\"url\":\"https:\\\/\\\/secure.gravatar.com\\\/avatar\\\/da1cfe77a86b31ebb6491e6d623f25646c89ceb5a9cd16645c98e73b1a998395?s=96&d=mm&r=g\",\"contentUrl\":\"https:\\\/\\\/secure.gravatar.com\\\/avatar\\\/da1cfe77a86b31ebb6491e6d623f25646c89ceb5a9cd16645c98e73b1a998395?s=96&d=mm&r=g\",\"caption\":\"Anaitasuna\"}}]}<\/script>\n<!-- \/ Yoast SEO plugin. -->","yoast_head_json":{"title":"GRANJA ESCUELA BARATZE - Anaitasuna Ikastola","robots":{"index":"index","follow":"follow","max-snippet":"max-snippet:-1","max-image-preview":"max-image-preview:large","max-video-preview":"max-video-preview:-1"},"canonical":"https:\/\/anaitasunaikastola.eus\/es\/granja-escuela-baratze\/","og_locale":"es_ES","og_type":"article","og_title":"GRANJA ESCUELA BARATZE - Anaitasuna Ikastola","og_description":"&nbsp; Para dar un buen comienzo al curso, el alumnado y profesorado de 4\u00ba de primaria, disfrutaremos de una estancia de tres d\u00edas (del 25 al 27 de septiembre) en la granja-escuela Baratze. All\u00ed, tendremos la oportunidad de conocer la Biosfera de Urdaibai y acercarnos a la vida en el caser\u00edo: huerta, animales, artesan\u00eda&#8230; Esperamos [&hellip;]","og_url":"https:\/\/anaitasunaikastola.eus\/es\/granja-escuela-baratze\/","og_site_name":"Anaitasuna Ikastola","article_published_time":"2023-09-21T10:05:34+00:00","og_image":[{"url":"https:\/\/anaitasunaikastola.eus\/wp-content\/uploads\/2023\/09\/baratze-3-txikia-300x200.jpg","type":"","width":"","height":""}],"author":"Anaitasuna","twitter_card":"summary_large_image","twitter_misc":{"Escrito por":"Anaitasuna","Tiempo de lectura":"1 minuto"},"schema":{"@context":"https:\/\/schema.org","@graph":[{"@type":"Article","@id":"https:\/\/anaitasunaikastola.eus\/es\/granja-escuela-baratze\/#article","isPartOf":{"@id":"https:\/\/anaitasunaikastola.eus\/es\/granja-escuela-baratze\/"},"author":{"name":"Anaitasuna","@id":"https:\/\/anaitasunaikastola.eus\/es\/#\/schema\/person\/5eab3add6851ae1edce574d48515b711"},"headline":"GRANJA ESCUELA BARATZE","datePublished":"2023-09-21T10:05:34+00:00","mainEntityOfPage":{"@id":"https:\/\/anaitasunaikastola.eus\/es\/granja-escuela-baratze\/"},"wordCount":61,"image":{"@id":"https:\/\/anaitasunaikastola.eus\/es\/granja-escuela-baratze\/#primaryimage"},"thumbnailUrl":"https:\/\/anaitasunaikastola.eus\/wp-content\/uploads\/2023\/09\/baratze-3-txikia.jpg","articleSection":["Noticias"],"inLanguage":"es"},{"@type":"WebPage","@id":"https:\/\/anaitasunaikastola.eus\/es\/granja-escuela-baratze\/","url":"https:\/\/anaitasunaikastola.eus\/es\/granja-escuela-baratze\/","name":"GRANJA ESCUELA BARATZE - Anaitasuna Ikastola","isPartOf":{"@id":"https:\/\/anaitasunaikastola.eus\/es\/#website"},"primaryImageOfPage":{"@id":"https:\/\/anaitasunaikastola.eus\/es\/granja-escuela-baratze\/#primaryimage"},"image":{"@id":"https:\/\/anaitasunaikastola.eus\/es\/granja-escuela-baratze\/#primaryimage"},"thumbnailUrl":"https:\/\/anaitasunaikastola.eus\/wp-content\/uploads\/2023\/09\/baratze-3-txikia.jpg","datePublished":"2023-09-21T10:05:34+00:00","author":{"@id":"https:\/\/anaitasunaikastola.eus\/es\/#\/schema\/person\/5eab3add6851ae1edce574d48515b711"},"breadcrumb":{"@id":"https:\/\/anaitasunaikastola.eus\/es\/granja-escuela-baratze\/#breadcrumb"},"inLanguage":"es","potentialAction":[{"@type":"ReadAction","target":["https:\/\/anaitasunaikastola.eus\/es\/granja-escuela-baratze\/"]}]},{"@type":"ImageObject","inLanguage":"es","@id":"https:\/\/anaitasunaikastola.eus\/es\/granja-escuela-baratze\/#primaryimage","url":"https:\/\/anaitasunaikastola.eus\/wp-content\/uploads\/2023\/09\/baratze-3-txikia.jpg","contentUrl":"https:\/\/anaitasunaikastola.eus\/wp-content\/uploads\/2023\/09\/baratze-3-txikia.jpg","width":640,"height":427},{"@type":"BreadcrumbList","@id":"https:\/\/anaitasunaikastola.eus\/es\/granja-escuela-baratze\/#breadcrumb","itemListElement":[{"@type":"ListItem","position":1,"name":"Home","item":"https:\/\/anaitasunaikastola.eus\/es\/"},{"@type":"ListItem","position":2,"name":"GRANJA ESCUELA BARATZE"}]},{"@type":"WebSite","@id":"https:\/\/anaitasunaikastola.eus\/es\/#website","url":"https:\/\/anaitasunaikastola.eus\/es\/","name":"Anaitasuna Ikastola","description":"HLH ikastolako webgunea \u00b7 Ermua","potentialAction":[{"@type":"SearchAction","target":{"@type":"EntryPoint","urlTemplate":"https:\/\/anaitasunaikastola.eus\/es\/?s={search_term_string}"},"query-input":{"@type":"PropertyValueSpecification","valueRequired":true,"valueName":"search_term_string"}}],"inLanguage":"es"},{"@type":"Person","@id":"https:\/\/anaitasunaikastola.eus\/es\/#\/schema\/person\/5eab3add6851ae1edce574d48515b711","name":"Anaitasuna","image":{"@type":"ImageObject","inLanguage":"es","@id":"https:\/\/secure.gravatar.com\/avatar\/da1cfe77a86b31ebb6491e6d623f25646c89ceb5a9cd16645c98e73b1a998395?s=96&d=mm&r=g","url":"https:\/\/secure.gravatar.com\/avatar\/da1cfe77a86b31ebb6491e6d623f25646c89ceb5a9cd16645c98e73b1a998395?s=96&d=mm&r=g","contentUrl":"https:\/\/secure.gravatar.com\/avatar\/da1cfe77a86b31ebb6491e6d623f25646c89ceb5a9cd16645c98e73b1a998395?s=96&d=mm&r=g","caption":"Anaitasuna"}}]}},"_links":{"self":[{"href":"https:\/\/anaitasunaikastola.eus\/es\/wp-json\/wp\/v2\/posts\/2308","targetHints":{"allow":["GET"]}}],"collection":[{"href":"https:\/\/anaitasunaikastola.eus\/es\/wp-json\/wp\/v2\/posts"}],"about":[{"href":"https:\/\/anaitasunaikastola.eus\/es\/wp-json\/wp\/v2\/types\/post"}],"author":[{"embeddable":true,"href":"https:\/\/anaitasunaikastola.eus\/es\/wp-json\/wp\/v2\/users\/4"}],"replies":[{"embeddable":true,"href":"https:\/\/anaitasunaikastola.eus\/es\/wp-json\/wp\/v2\/comments?post=2308"}],"version-history":[{"count":1,"href":"https:\/\/anaitasunaikastola.eus\/es\/wp-json\/wp\/v2\/posts\/2308\/revisions"}],"predecessor-version":[{"id":2309,"href":"https:\/\/anaitasunaikastola.eus\/es\/wp-json\/wp\/v2\/posts\/2308\/revisions\/2309"}],"wp:featuredmedia":[{"embeddable":true,"href":"https:\/\/anaitasunaikastola.eus\/es\/wp-json\/wp\/v2\/media\/2303"}],"wp:attachment":[{"href":"https:\/\/anaitasunaikastola.eus\/es\/wp-json\/wp\/v2\/media?parent=2308"}],"wp:term":[{"taxonomy":"category","embeddable":true,"href":"https:\/\/anaitasunaikastola.eus\/es\/wp-json\/wp\/v2\/categories?post=2308"},{"taxonomy":"post_tag","embeddable":true,"href":"https:\/\/anaitasunaikastola.eus\/es\/wp-json\/wp\/v2\/tags?post=2308"}],"curies":[{"name":"wp","href":"https:\/\/api.w.org\/{rel}","templated":true}]}}