{"id":4040,"date":"2024-11-07T14:30:06","date_gmt":"2024-11-07T12:30:06","guid":{"rendered":"https:\/\/anaitasunaikastola.eus\/?p=4040"},"modified":"2024-11-07T14:31:13","modified_gmt":"2024-11-07T12:31:13","slug":"concurso-de-fotografia-de-san-martin","status":"publish","type":"post","link":"https:\/\/anaitasunaikastola.eus\/es\/concurso-de-fotografia-de-san-martin\/","title":{"rendered":"CONCURSO DE FOTOGRAF\u00cdA DE SAN MARTIN"},"content":{"rendered":"<p>[et_pb_section fb_built=\u00bb1&#8243; _builder_version=\u00bb4.27.0&#8243; _module_preset=\u00bbdefault\u00bb global_colors_info=\u00bb{}\u00bb][et_pb_row _builder_version=\u00bb4.27.0&#8243; _module_preset=\u00bbdefault\u00bb global_colors_info=\u00bb{}\u00bb][et_pb_column type=\u00bb4_4&#8243; _builder_version=\u00bb4.27.0&#8243; _module_preset=\u00bbdefault\u00bb global_colors_info=\u00bb{}\u00bb][et_pb_text _builder_version=\u00bb4.27.0&#8243; _module_preset=\u00bbdefault\u00bb global_colors_info=\u00bb{}\u00bb]<\/p>\n<p>Este a\u00f1o vamos a celebrar un concurso de fotograf\u00eda con las fotos que saque el alumnado de 3\u00ba curso hasta 6\u00ba curso con motivo de la feria de San Martin.<\/p>\n<p>El \u00faltimo d\u00eda para presentar la foto es 14 de noviembre, jueves.<\/p>\n<p>Pod\u00e9is traer la foto impresa o mand\u00e1rsela por email a la tutora\/tutor correspondiente para imprimirla en la ikastola.<\/p>\n<p>Os animamos a participar, habr\u00e1 hasta premios!<\/p>\n<p>[\/et_pb_text][\/et_pb_column][\/et_pb_row][\/et_pb_section]<\/p>\n","protected":false},"excerpt":{"rendered":"<p>Este a\u00f1o vamos a celebrar un concurso de fotograf\u00eda con las fotos que saque el alumnado de 3\u00ba curso hasta 6\u00ba curso con motivo de la feria de San Martin. El \u00faltimo d\u00eda para presentar la foto es 14 de noviembre, jueves. Pod\u00e9is traer la foto impresa o mand\u00e1rsela por email a la tutora\/tutor correspondiente [&hellip;]<\/p>\n","protected":false},"author":4,"featured_media":4038,"comment_status":"closed","ping_status":"closed","sticky":false,"template":"","format":"standard","meta":{"_et_pb_use_builder":"on","_et_pb_old_content":"","_et_gb_content_width":"","footnotes":""},"categories":[12],"tags":[],"class_list":["post-4040","post","type-post","status-publish","format-standard","has-post-thumbnail","hentry","category-noticias","et-has-post-format-content","et_post_format-et-post-format-standard"],"yoast_head":"<!-- This site is optimized with the Yoast SEO plugin v27.3 - https:\/\/yoast.com\/product\/yoast-seo-wordpress\/ -->\n<title>CONCURSO DE FOTOGRAF\u00cdA DE SAN MARTIN - Anaitasuna Ikastola<\/title>\n<meta name=\"robots\" content=\"index, follow, max-snippet:-1, max-image-preview:large, max-video-preview:-1\" \/>\n<link rel=\"canonical\" href=\"https:\/\/anaitasunaikastola.eus\/es\/concurso-de-fotografia-de-san-martin\/\" \/>\n<meta property=\"og:locale\" content=\"es_ES\" \/>\n<meta property=\"og:type\" content=\"article\" \/>\n<meta property=\"og:title\" content=\"CONCURSO DE FOTOGRAF\u00cdA DE SAN MARTIN - Anaitasuna Ikastola\" \/>\n<meta property=\"og:description\" content=\"Este a\u00f1o vamos a celebrar un concurso de fotograf\u00eda con las fotos que saque el alumnado de 3\u00ba curso hasta 6\u00ba curso con motivo de la feria de San Martin. El \u00faltimo d\u00eda para presentar la foto es 14 de noviembre, jueves. Pod\u00e9is traer la foto impresa o mand\u00e1rsela por email a la tutora\/tutor correspondiente [&hellip;]\" \/>\n<meta property=\"og:url\" content=\"https:\/\/anaitasunaikastola.eus\/es\/concurso-de-fotografia-de-san-martin\/\" \/>\n<meta property=\"og:site_name\" content=\"Anaitasuna Ikastola\" \/>\n<meta property=\"article:published_time\" content=\"2024-11-07T12:30:06+00:00\" \/>\n<meta property=\"article:modified_time\" content=\"2024-11-07T12:31:13+00:00\" \/>\n<meta property=\"og:image\" content=\"https:\/\/anaitasunaikastola.eus\/wp-content\/uploads\/2024\/11\/IMG_20231111_102029-scaled.jpg\" \/>\n\t<meta property=\"og:image:width\" content=\"2454\" \/>\n\t<meta property=\"og:image:height\" content=\"2560\" \/>\n\t<meta property=\"og:image:type\" content=\"image\/jpeg\" \/>\n<meta name=\"author\" content=\"Anaitasuna\" \/>\n<meta name=\"twitter:card\" content=\"summary_large_image\" \/>\n<meta name=\"twitter:label1\" content=\"Escrito por\" \/>\n\t<meta name=\"twitter:data1\" content=\"Anaitasuna\" \/>\n\t<meta name=\"twitter:label2\" content=\"Tiempo de lectura\" \/>\n\t<meta name=\"twitter:data2\" content=\"1 minuto\" \/>\n<script type=\"application\/ld+json\" class=\"yoast-schema-graph\">{\"@context\":\"https:\\\/\\\/schema.org\",\"@graph\":[{\"@type\":\"Article\",\"@id\":\"https:\\\/\\\/anaitasunaikastola.eus\\\/es\\\/concurso-de-fotografia-de-san-martin\\\/#article\",\"isPartOf\":{\"@id\":\"https:\\\/\\\/anaitasunaikastola.eus\\\/es\\\/concurso-de-fotografia-de-san-martin\\\/\"},\"author\":{\"name\":\"Anaitasuna\",\"@id\":\"https:\\\/\\\/anaitasunaikastola.eus\\\/es\\\/#\\\/schema\\\/person\\\/5eab3add6851ae1edce574d48515b711\"},\"headline\":\"CONCURSO DE FOTOGRAF\u00cdA DE SAN MARTIN\",\"datePublished\":\"2024-11-07T12:30:06+00:00\",\"dateModified\":\"2024-11-07T12:31:13+00:00\",\"mainEntityOfPage\":{\"@id\":\"https:\\\/\\\/anaitasunaikastola.eus\\\/es\\\/concurso-de-fotografia-de-san-martin\\\/\"},\"wordCount\":136,\"image\":{\"@id\":\"https:\\\/\\\/anaitasunaikastola.eus\\\/es\\\/concurso-de-fotografia-de-san-martin\\\/#primaryimage\"},\"thumbnailUrl\":\"https:\\\/\\\/anaitasunaikastola.eus\\\/wp-content\\\/uploads\\\/2024\\\/11\\\/IMG_20231111_102029-scaled.jpg\",\"articleSection\":[\"Noticias\"],\"inLanguage\":\"es\"},{\"@type\":\"WebPage\",\"@id\":\"https:\\\/\\\/anaitasunaikastola.eus\\\/es\\\/concurso-de-fotografia-de-san-martin\\\/\",\"url\":\"https:\\\/\\\/anaitasunaikastola.eus\\\/es\\\/concurso-de-fotografia-de-san-martin\\\/\",\"name\":\"CONCURSO DE FOTOGRAF\u00cdA DE SAN MARTIN - Anaitasuna Ikastola\",\"isPartOf\":{\"@id\":\"https:\\\/\\\/anaitasunaikastola.eus\\\/es\\\/#website\"},\"primaryImageOfPage\":{\"@id\":\"https:\\\/\\\/anaitasunaikastola.eus\\\/es\\\/concurso-de-fotografia-de-san-martin\\\/#primaryimage\"},\"image\":{\"@id\":\"https:\\\/\\\/anaitasunaikastola.eus\\\/es\\\/concurso-de-fotografia-de-san-martin\\\/#primaryimage\"},\"thumbnailUrl\":\"https:\\\/\\\/anaitasunaikastola.eus\\\/wp-content\\\/uploads\\\/2024\\\/11\\\/IMG_20231111_102029-scaled.jpg\",\"datePublished\":\"2024-11-07T12:30:06+00:00\",\"dateModified\":\"2024-11-07T12:31:13+00:00\",\"author\":{\"@id\":\"https:\\\/\\\/anaitasunaikastola.eus\\\/es\\\/#\\\/schema\\\/person\\\/5eab3add6851ae1edce574d48515b711\"},\"breadcrumb\":{\"@id\":\"https:\\\/\\\/anaitasunaikastola.eus\\\/es\\\/concurso-de-fotografia-de-san-martin\\\/#breadcrumb\"},\"inLanguage\":\"es\",\"potentialAction\":[{\"@type\":\"ReadAction\",\"target\":[\"https:\\\/\\\/anaitasunaikastola.eus\\\/es\\\/concurso-de-fotografia-de-san-martin\\\/\"]}]},{\"@type\":\"ImageObject\",\"inLanguage\":\"es\",\"@id\":\"https:\\\/\\\/anaitasunaikastola.eus\\\/es\\\/concurso-de-fotografia-de-san-martin\\\/#primaryimage\",\"url\":\"https:\\\/\\\/anaitasunaikastola.eus\\\/wp-content\\\/uploads\\\/2024\\\/11\\\/IMG_20231111_102029-scaled.jpg\",\"contentUrl\":\"https:\\\/\\\/anaitasunaikastola.eus\\\/wp-content\\\/uploads\\\/2024\\\/11\\\/IMG_20231111_102029-scaled.jpg\",\"width\":2454,\"height\":2560},{\"@type\":\"BreadcrumbList\",\"@id\":\"https:\\\/\\\/anaitasunaikastola.eus\\\/es\\\/concurso-de-fotografia-de-san-martin\\\/#breadcrumb\",\"itemListElement\":[{\"@type\":\"ListItem\",\"position\":1,\"name\":\"Home\",\"item\":\"https:\\\/\\\/anaitasunaikastola.eus\\\/es\\\/\"},{\"@type\":\"ListItem\",\"position\":2,\"name\":\"CONCURSO DE FOTOGRAF\u00cdA DE SAN MARTIN\"}]},{\"@type\":\"WebSite\",\"@id\":\"https:\\\/\\\/anaitasunaikastola.eus\\\/es\\\/#website\",\"url\":\"https:\\\/\\\/anaitasunaikastola.eus\\\/es\\\/\",\"name\":\"Anaitasuna Ikastola\",\"description\":\"HLH ikastolako webgunea \u00b7 Ermua\",\"potentialAction\":[{\"@type\":\"SearchAction\",\"target\":{\"@type\":\"EntryPoint\",\"urlTemplate\":\"https:\\\/\\\/anaitasunaikastola.eus\\\/es\\\/?s={search_term_string}\"},\"query-input\":{\"@type\":\"PropertyValueSpecification\",\"valueRequired\":true,\"valueName\":\"search_term_string\"}}],\"inLanguage\":\"es\"},{\"@type\":\"Person\",\"@id\":\"https:\\\/\\\/anaitasunaikastola.eus\\\/es\\\/#\\\/schema\\\/person\\\/5eab3add6851ae1edce574d48515b711\",\"name\":\"Anaitasuna\",\"image\":{\"@type\":\"ImageObject\",\"inLanguage\":\"es\",\"@id\":\"https:\\\/\\\/secure.gravatar.com\\\/avatar\\\/da1cfe77a86b31ebb6491e6d623f25646c89ceb5a9cd16645c98e73b1a998395?s=96&d=mm&r=g\",\"url\":\"https:\\\/\\\/secure.gravatar.com\\\/avatar\\\/da1cfe77a86b31ebb6491e6d623f25646c89ceb5a9cd16645c98e73b1a998395?s=96&d=mm&r=g\",\"contentUrl\":\"https:\\\/\\\/secure.gravatar.com\\\/avatar\\\/da1cfe77a86b31ebb6491e6d623f25646c89ceb5a9cd16645c98e73b1a998395?s=96&d=mm&r=g\",\"caption\":\"Anaitasuna\"}}]}<\/script>\n<!-- \/ Yoast SEO plugin. -->","yoast_head_json":{"title":"CONCURSO DE FOTOGRAF\u00cdA DE SAN MARTIN - Anaitasuna Ikastola","robots":{"index":"index","follow":"follow","max-snippet":"max-snippet:-1","max-image-preview":"max-image-preview:large","max-video-preview":"max-video-preview:-1"},"canonical":"https:\/\/anaitasunaikastola.eus\/es\/concurso-de-fotografia-de-san-martin\/","og_locale":"es_ES","og_type":"article","og_title":"CONCURSO DE FOTOGRAF\u00cdA DE SAN MARTIN - Anaitasuna Ikastola","og_description":"Este a\u00f1o vamos a celebrar un concurso de fotograf\u00eda con las fotos que saque el alumnado de 3\u00ba curso hasta 6\u00ba curso con motivo de la feria de San Martin. El \u00faltimo d\u00eda para presentar la foto es 14 de noviembre, jueves. Pod\u00e9is traer la foto impresa o mand\u00e1rsela por email a la tutora\/tutor correspondiente [&hellip;]","og_url":"https:\/\/anaitasunaikastola.eus\/es\/concurso-de-fotografia-de-san-martin\/","og_site_name":"Anaitasuna Ikastola","article_published_time":"2024-11-07T12:30:06+00:00","article_modified_time":"2024-11-07T12:31:13+00:00","og_image":[{"width":2454,"height":2560,"url":"https:\/\/anaitasunaikastola.eus\/wp-content\/uploads\/2024\/11\/IMG_20231111_102029-scaled.jpg","type":"image\/jpeg"}],"author":"Anaitasuna","twitter_card":"summary_large_image","twitter_misc":{"Escrito por":"Anaitasuna","Tiempo de lectura":"1 minuto"},"schema":{"@context":"https:\/\/schema.org","@graph":[{"@type":"Article","@id":"https:\/\/anaitasunaikastola.eus\/es\/concurso-de-fotografia-de-san-martin\/#article","isPartOf":{"@id":"https:\/\/anaitasunaikastola.eus\/es\/concurso-de-fotografia-de-san-martin\/"},"author":{"name":"Anaitasuna","@id":"https:\/\/anaitasunaikastola.eus\/es\/#\/schema\/person\/5eab3add6851ae1edce574d48515b711"},"headline":"CONCURSO DE FOTOGRAF\u00cdA DE SAN MARTIN","datePublished":"2024-11-07T12:30:06+00:00","dateModified":"2024-11-07T12:31:13+00:00","mainEntityOfPage":{"@id":"https:\/\/anaitasunaikastola.eus\/es\/concurso-de-fotografia-de-san-martin\/"},"wordCount":136,"image":{"@id":"https:\/\/anaitasunaikastola.eus\/es\/concurso-de-fotografia-de-san-martin\/#primaryimage"},"thumbnailUrl":"https:\/\/anaitasunaikastola.eus\/wp-content\/uploads\/2024\/11\/IMG_20231111_102029-scaled.jpg","articleSection":["Noticias"],"inLanguage":"es"},{"@type":"WebPage","@id":"https:\/\/anaitasunaikastola.eus\/es\/concurso-de-fotografia-de-san-martin\/","url":"https:\/\/anaitasunaikastola.eus\/es\/concurso-de-fotografia-de-san-martin\/","name":"CONCURSO DE FOTOGRAF\u00cdA DE SAN MARTIN - Anaitasuna Ikastola","isPartOf":{"@id":"https:\/\/anaitasunaikastola.eus\/es\/#website"},"primaryImageOfPage":{"@id":"https:\/\/anaitasunaikastola.eus\/es\/concurso-de-fotografia-de-san-martin\/#primaryimage"},"image":{"@id":"https:\/\/anaitasunaikastola.eus\/es\/concurso-de-fotografia-de-san-martin\/#primaryimage"},"thumbnailUrl":"https:\/\/anaitasunaikastola.eus\/wp-content\/uploads\/2024\/11\/IMG_20231111_102029-scaled.jpg","datePublished":"2024-11-07T12:30:06+00:00","dateModified":"2024-11-07T12:31:13+00:00","author":{"@id":"https:\/\/anaitasunaikastola.eus\/es\/#\/schema\/person\/5eab3add6851ae1edce574d48515b711"},"breadcrumb":{"@id":"https:\/\/anaitasunaikastola.eus\/es\/concurso-de-fotografia-de-san-martin\/#breadcrumb"},"inLanguage":"es","potentialAction":[{"@type":"ReadAction","target":["https:\/\/anaitasunaikastola.eus\/es\/concurso-de-fotografia-de-san-martin\/"]}]},{"@type":"ImageObject","inLanguage":"es","@id":"https:\/\/anaitasunaikastola.eus\/es\/concurso-de-fotografia-de-san-martin\/#primaryimage","url":"https:\/\/anaitasunaikastola.eus\/wp-content\/uploads\/2024\/11\/IMG_20231111_102029-scaled.jpg","contentUrl":"https:\/\/anaitasunaikastola.eus\/wp-content\/uploads\/2024\/11\/IMG_20231111_102029-scaled.jpg","width":2454,"height":2560},{"@type":"BreadcrumbList","@id":"https:\/\/anaitasunaikastola.eus\/es\/concurso-de-fotografia-de-san-martin\/#breadcrumb","itemListElement":[{"@type":"ListItem","position":1,"name":"Home","item":"https:\/\/anaitasunaikastola.eus\/es\/"},{"@type":"ListItem","position":2,"name":"CONCURSO DE FOTOGRAF\u00cdA DE SAN MARTIN"}]},{"@type":"WebSite","@id":"https:\/\/anaitasunaikastola.eus\/es\/#website","url":"https:\/\/anaitasunaikastola.eus\/es\/","name":"Anaitasuna Ikastola","description":"HLH ikastolako webgunea \u00b7 Ermua","potentialAction":[{"@type":"SearchAction","target":{"@type":"EntryPoint","urlTemplate":"https:\/\/anaitasunaikastola.eus\/es\/?s={search_term_string}"},"query-input":{"@type":"PropertyValueSpecification","valueRequired":true,"valueName":"search_term_string"}}],"inLanguage":"es"},{"@type":"Person","@id":"https:\/\/anaitasunaikastola.eus\/es\/#\/schema\/person\/5eab3add6851ae1edce574d48515b711","name":"Anaitasuna","image":{"@type":"ImageObject","inLanguage":"es","@id":"https:\/\/secure.gravatar.com\/avatar\/da1cfe77a86b31ebb6491e6d623f25646c89ceb5a9cd16645c98e73b1a998395?s=96&d=mm&r=g","url":"https:\/\/secure.gravatar.com\/avatar\/da1cfe77a86b31ebb6491e6d623f25646c89ceb5a9cd16645c98e73b1a998395?s=96&d=mm&r=g","contentUrl":"https:\/\/secure.gravatar.com\/avatar\/da1cfe77a86b31ebb6491e6d623f25646c89ceb5a9cd16645c98e73b1a998395?s=96&d=mm&r=g","caption":"Anaitasuna"}}]}},"_links":{"self":[{"href":"https:\/\/anaitasunaikastola.eus\/es\/wp-json\/wp\/v2\/posts\/4040","targetHints":{"allow":["GET"]}}],"collection":[{"href":"https:\/\/anaitasunaikastola.eus\/es\/wp-json\/wp\/v2\/posts"}],"about":[{"href":"https:\/\/anaitasunaikastola.eus\/es\/wp-json\/wp\/v2\/types\/post"}],"author":[{"embeddable":true,"href":"https:\/\/anaitasunaikastola.eus\/es\/wp-json\/wp\/v2\/users\/4"}],"replies":[{"embeddable":true,"href":"https:\/\/anaitasunaikastola.eus\/es\/wp-json\/wp\/v2\/comments?post=4040"}],"version-history":[{"count":3,"href":"https:\/\/anaitasunaikastola.eus\/es\/wp-json\/wp\/v2\/posts\/4040\/revisions"}],"predecessor-version":[{"id":4043,"href":"https:\/\/anaitasunaikastola.eus\/es\/wp-json\/wp\/v2\/posts\/4040\/revisions\/4043"}],"wp:featuredmedia":[{"embeddable":true,"href":"https:\/\/anaitasunaikastola.eus\/es\/wp-json\/wp\/v2\/media\/4038"}],"wp:attachment":[{"href":"https:\/\/anaitasunaikastola.eus\/es\/wp-json\/wp\/v2\/media?parent=4040"}],"wp:term":[{"taxonomy":"category","embeddable":true,"href":"https:\/\/anaitasunaikastola.eus\/es\/wp-json\/wp\/v2\/categories?post=4040"},{"taxonomy":"post_tag","embeddable":true,"href":"https:\/\/anaitasunaikastola.eus\/es\/wp-json\/wp\/v2\/tags?post=4040"}],"curies":[{"name":"wp","href":"https:\/\/api.w.org\/{rel}","templated":true}]}}