{"id":4114,"date":"2024-12-18T16:08:44","date_gmt":"2024-12-18T14:08:44","guid":{"rendered":"https:\/\/anaitasunaikastola.eus\/?p=4114"},"modified":"2024-12-18T16:08:47","modified_gmt":"2024-12-18T14:08:47","slug":"25-de-noviembre-tratu-onekin-pozik-elkarrekin","status":"publish","type":"post","link":"https:\/\/anaitasunaikastola.eus\/es\/25-de-noviembre-tratu-onekin-pozik-elkarrekin\/","title":{"rendered":"25 de noviembre: Tratu onekin pozik elkarrekin"},"content":{"rendered":"<p>[et_pb_section fb_built=\u00bb1&#8243; theme_builder_area=\u00bbpost_content\u00bb _builder_version=\u00bb4.27.0&#8243; _module_preset=\u00bbdefault\u00bb][et_pb_row _builder_version=\u00bb4.27.0&#8243; _module_preset=\u00bbdefault\u00bb theme_builder_area=\u00bbpost_content\u00bb][et_pb_column _builder_version=\u00bb4.27.0&#8243; _module_preset=\u00bbdefault\u00bb type=\u00bb4_4&#8243; theme_builder_area=\u00bbpost_content\u00bb][et_pb_text _builder_version=\u00bb4.27.0&#8243; _module_preset=\u00bbdefault\u00bb theme_builder_area=\u00bbpost_content\u00bb hover_enabled=\u00bb0&#8243; sticky_enabled=\u00bb0&#8243;]<\/p>\n<p>El pasado d\u00eda 25 de noviembre hicimos una actividad especial en la Ikastola. Para ello, el alumnado de HH hizo este mural con el lema de \u201c<i>Tratu onekin pozik elkarrekin<\/i>\u201d, adem\u00e1s, pusieron unas fotos que trajeron desde casa.<\/p>\n<p>Todo el alumnado de la ikastola particip\u00ed en la actividad, aqu\u00ed ten\u00e9is un peque\u00f1o video que resumen esta actividad tan bonita:<\/p>\n<p>[\/et_pb_text][et_pb_video _builder_version=\u00bb4.27.0&#8243; _module_preset=\u00bbdefault\u00bb theme_builder_area=\u00bbpost_content\u00bb src=\u00bbhttps:\/\/www.youtube.com\/watch?v=5UxqcmIFXrw\u00bb hover_enabled=\u00bb0&#8243; sticky_enabled=\u00bb0&#8243;][\/et_pb_video][\/et_pb_column][\/et_pb_row][\/et_pb_section]<\/p>\n","protected":false},"excerpt":{"rendered":"<p>El pasado d\u00eda 25 de noviembre hicimos una actividad especial en la Ikastola. Para ello, el alumnado de HH hizo este mural con el lema de \u201cTratu onekin pozik elkarrekin\u201d, adem\u00e1s, pusieron unas fotos que trajeron desde casa. Todo el alumnado de la ikastola particip\u00ed en la actividad, aqu\u00ed ten\u00e9is un peque\u00f1o video que resumen [&hellip;]<\/p>\n","protected":false},"author":4,"featured_media":4111,"comment_status":"closed","ping_status":"closed","sticky":false,"template":"","format":"standard","meta":{"_et_pb_use_builder":"on","_et_pb_old_content":"","_et_gb_content_width":"","footnotes":""},"categories":[],"tags":[],"class_list":["post-4114","post","type-post","status-publish","format-standard","has-post-thumbnail","hentry","et-has-post-format-content","et_post_format-et-post-format-standard"],"yoast_head":"<!-- This site is optimized with the Yoast SEO plugin v27.3 - https:\/\/yoast.com\/product\/yoast-seo-wordpress\/ -->\n<title>25 de noviembre: Tratu onekin pozik elkarrekin - Anaitasuna Ikastola<\/title>\n<meta name=\"robots\" content=\"index, follow, max-snippet:-1, max-image-preview:large, max-video-preview:-1\" \/>\n<link rel=\"canonical\" href=\"https:\/\/anaitasunaikastola.eus\/es\/25-de-noviembre-tratu-onekin-pozik-elkarrekin\/\" \/>\n<meta property=\"og:locale\" content=\"es_ES\" \/>\n<meta property=\"og:type\" content=\"article\" \/>\n<meta property=\"og:title\" content=\"25 de noviembre: Tratu onekin pozik elkarrekin - Anaitasuna Ikastola\" \/>\n<meta property=\"og:description\" content=\"El pasado d\u00eda 25 de noviembre hicimos una actividad especial en la Ikastola. Para ello, el alumnado de HH hizo este mural con el lema de \u201cTratu onekin pozik elkarrekin\u201d, adem\u00e1s, pusieron unas fotos que trajeron desde casa. Todo el alumnado de la ikastola particip\u00ed en la actividad, aqu\u00ed ten\u00e9is un peque\u00f1o video que resumen [&hellip;]\" \/>\n<meta property=\"og:url\" content=\"https:\/\/anaitasunaikastola.eus\/es\/25-de-noviembre-tratu-onekin-pozik-elkarrekin\/\" \/>\n<meta property=\"og:site_name\" content=\"Anaitasuna Ikastola\" \/>\n<meta property=\"article:published_time\" content=\"2024-12-18T14:08:44+00:00\" \/>\n<meta property=\"article:modified_time\" content=\"2024-12-18T14:08:47+00:00\" \/>\n<meta property=\"og:image\" content=\"https:\/\/anaitasunaikastola.eus\/wp-content\/uploads\/2024\/12\/tartu.jpg\" \/>\n\t<meta property=\"og:image:width\" content=\"780\" \/>\n\t<meta property=\"og:image:height\" content=\"404\" \/>\n\t<meta property=\"og:image:type\" content=\"image\/jpeg\" \/>\n<meta name=\"author\" content=\"Anaitasuna\" \/>\n<meta name=\"twitter:card\" content=\"summary_large_image\" \/>\n<meta name=\"twitter:label1\" content=\"Escrito por\" \/>\n\t<meta name=\"twitter:data1\" content=\"Anaitasuna\" \/>\n\t<meta name=\"twitter:label2\" content=\"Tiempo de lectura\" \/>\n\t<meta name=\"twitter:data2\" content=\"1 minuto\" \/>\n<script type=\"application\/ld+json\" class=\"yoast-schema-graph\">{\"@context\":\"https:\\\/\\\/schema.org\",\"@graph\":[{\"@type\":\"Article\",\"@id\":\"https:\\\/\\\/anaitasunaikastola.eus\\\/es\\\/25-de-noviembre-tratu-onekin-pozik-elkarrekin\\\/#article\",\"isPartOf\":{\"@id\":\"https:\\\/\\\/anaitasunaikastola.eus\\\/es\\\/25-de-noviembre-tratu-onekin-pozik-elkarrekin\\\/\"},\"author\":{\"name\":\"Anaitasuna\",\"@id\":\"https:\\\/\\\/anaitasunaikastola.eus\\\/es\\\/#\\\/schema\\\/person\\\/5eab3add6851ae1edce574d48515b711\"},\"headline\":\"25 de noviembre: Tratu onekin pozik elkarrekin\",\"datePublished\":\"2024-12-18T14:08:44+00:00\",\"dateModified\":\"2024-12-18T14:08:47+00:00\",\"mainEntityOfPage\":{\"@id\":\"https:\\\/\\\/anaitasunaikastola.eus\\\/es\\\/25-de-noviembre-tratu-onekin-pozik-elkarrekin\\\/\"},\"wordCount\":167,\"image\":{\"@id\":\"https:\\\/\\\/anaitasunaikastola.eus\\\/es\\\/25-de-noviembre-tratu-onekin-pozik-elkarrekin\\\/#primaryimage\"},\"thumbnailUrl\":\"https:\\\/\\\/anaitasunaikastola.eus\\\/wp-content\\\/uploads\\\/2024\\\/12\\\/tartu.jpg\",\"inLanguage\":\"es\"},{\"@type\":\"WebPage\",\"@id\":\"https:\\\/\\\/anaitasunaikastola.eus\\\/es\\\/25-de-noviembre-tratu-onekin-pozik-elkarrekin\\\/\",\"url\":\"https:\\\/\\\/anaitasunaikastola.eus\\\/es\\\/25-de-noviembre-tratu-onekin-pozik-elkarrekin\\\/\",\"name\":\"25 de noviembre: Tratu onekin pozik elkarrekin - Anaitasuna Ikastola\",\"isPartOf\":{\"@id\":\"https:\\\/\\\/anaitasunaikastola.eus\\\/es\\\/#website\"},\"primaryImageOfPage\":{\"@id\":\"https:\\\/\\\/anaitasunaikastola.eus\\\/es\\\/25-de-noviembre-tratu-onekin-pozik-elkarrekin\\\/#primaryimage\"},\"image\":{\"@id\":\"https:\\\/\\\/anaitasunaikastola.eus\\\/es\\\/25-de-noviembre-tratu-onekin-pozik-elkarrekin\\\/#primaryimage\"},\"thumbnailUrl\":\"https:\\\/\\\/anaitasunaikastola.eus\\\/wp-content\\\/uploads\\\/2024\\\/12\\\/tartu.jpg\",\"datePublished\":\"2024-12-18T14:08:44+00:00\",\"dateModified\":\"2024-12-18T14:08:47+00:00\",\"author\":{\"@id\":\"https:\\\/\\\/anaitasunaikastola.eus\\\/es\\\/#\\\/schema\\\/person\\\/5eab3add6851ae1edce574d48515b711\"},\"breadcrumb\":{\"@id\":\"https:\\\/\\\/anaitasunaikastola.eus\\\/es\\\/25-de-noviembre-tratu-onekin-pozik-elkarrekin\\\/#breadcrumb\"},\"inLanguage\":\"es\",\"potentialAction\":[{\"@type\":\"ReadAction\",\"target\":[\"https:\\\/\\\/anaitasunaikastola.eus\\\/es\\\/25-de-noviembre-tratu-onekin-pozik-elkarrekin\\\/\"]}]},{\"@type\":\"ImageObject\",\"inLanguage\":\"es\",\"@id\":\"https:\\\/\\\/anaitasunaikastola.eus\\\/es\\\/25-de-noviembre-tratu-onekin-pozik-elkarrekin\\\/#primaryimage\",\"url\":\"https:\\\/\\\/anaitasunaikastola.eus\\\/wp-content\\\/uploads\\\/2024\\\/12\\\/tartu.jpg\",\"contentUrl\":\"https:\\\/\\\/anaitasunaikastola.eus\\\/wp-content\\\/uploads\\\/2024\\\/12\\\/tartu.jpg\",\"width\":780,\"height\":404},{\"@type\":\"BreadcrumbList\",\"@id\":\"https:\\\/\\\/anaitasunaikastola.eus\\\/es\\\/25-de-noviembre-tratu-onekin-pozik-elkarrekin\\\/#breadcrumb\",\"itemListElement\":[{\"@type\":\"ListItem\",\"position\":1,\"name\":\"Home\",\"item\":\"https:\\\/\\\/anaitasunaikastola.eus\\\/es\\\/\"},{\"@type\":\"ListItem\",\"position\":2,\"name\":\"25 de noviembre: Tratu onekin pozik elkarrekin\"}]},{\"@type\":\"WebSite\",\"@id\":\"https:\\\/\\\/anaitasunaikastola.eus\\\/es\\\/#website\",\"url\":\"https:\\\/\\\/anaitasunaikastola.eus\\\/es\\\/\",\"name\":\"Anaitasuna Ikastola\",\"description\":\"HLH ikastolako webgunea \u00b7 Ermua\",\"potentialAction\":[{\"@type\":\"SearchAction\",\"target\":{\"@type\":\"EntryPoint\",\"urlTemplate\":\"https:\\\/\\\/anaitasunaikastola.eus\\\/es\\\/?s={search_term_string}\"},\"query-input\":{\"@type\":\"PropertyValueSpecification\",\"valueRequired\":true,\"valueName\":\"search_term_string\"}}],\"inLanguage\":\"es\"},{\"@type\":\"Person\",\"@id\":\"https:\\\/\\\/anaitasunaikastola.eus\\\/es\\\/#\\\/schema\\\/person\\\/5eab3add6851ae1edce574d48515b711\",\"name\":\"Anaitasuna\",\"image\":{\"@type\":\"ImageObject\",\"inLanguage\":\"es\",\"@id\":\"https:\\\/\\\/secure.gravatar.com\\\/avatar\\\/da1cfe77a86b31ebb6491e6d623f25646c89ceb5a9cd16645c98e73b1a998395?s=96&d=mm&r=g\",\"url\":\"https:\\\/\\\/secure.gravatar.com\\\/avatar\\\/da1cfe77a86b31ebb6491e6d623f25646c89ceb5a9cd16645c98e73b1a998395?s=96&d=mm&r=g\",\"contentUrl\":\"https:\\\/\\\/secure.gravatar.com\\\/avatar\\\/da1cfe77a86b31ebb6491e6d623f25646c89ceb5a9cd16645c98e73b1a998395?s=96&d=mm&r=g\",\"caption\":\"Anaitasuna\"}}]}<\/script>\n<!-- \/ Yoast SEO plugin. -->","yoast_head_json":{"title":"25 de noviembre: Tratu onekin pozik elkarrekin - Anaitasuna Ikastola","robots":{"index":"index","follow":"follow","max-snippet":"max-snippet:-1","max-image-preview":"max-image-preview:large","max-video-preview":"max-video-preview:-1"},"canonical":"https:\/\/anaitasunaikastola.eus\/es\/25-de-noviembre-tratu-onekin-pozik-elkarrekin\/","og_locale":"es_ES","og_type":"article","og_title":"25 de noviembre: Tratu onekin pozik elkarrekin - Anaitasuna Ikastola","og_description":"El pasado d\u00eda 25 de noviembre hicimos una actividad especial en la Ikastola. Para ello, el alumnado de HH hizo este mural con el lema de \u201cTratu onekin pozik elkarrekin\u201d, adem\u00e1s, pusieron unas fotos que trajeron desde casa. Todo el alumnado de la ikastola particip\u00ed en la actividad, aqu\u00ed ten\u00e9is un peque\u00f1o video que resumen [&hellip;]","og_url":"https:\/\/anaitasunaikastola.eus\/es\/25-de-noviembre-tratu-onekin-pozik-elkarrekin\/","og_site_name":"Anaitasuna Ikastola","article_published_time":"2024-12-18T14:08:44+00:00","article_modified_time":"2024-12-18T14:08:47+00:00","og_image":[{"width":780,"height":404,"url":"https:\/\/anaitasunaikastola.eus\/wp-content\/uploads\/2024\/12\/tartu.jpg","type":"image\/jpeg"}],"author":"Anaitasuna","twitter_card":"summary_large_image","twitter_misc":{"Escrito por":"Anaitasuna","Tiempo de lectura":"1 minuto"},"schema":{"@context":"https:\/\/schema.org","@graph":[{"@type":"Article","@id":"https:\/\/anaitasunaikastola.eus\/es\/25-de-noviembre-tratu-onekin-pozik-elkarrekin\/#article","isPartOf":{"@id":"https:\/\/anaitasunaikastola.eus\/es\/25-de-noviembre-tratu-onekin-pozik-elkarrekin\/"},"author":{"name":"Anaitasuna","@id":"https:\/\/anaitasunaikastola.eus\/es\/#\/schema\/person\/5eab3add6851ae1edce574d48515b711"},"headline":"25 de noviembre: Tratu onekin pozik elkarrekin","datePublished":"2024-12-18T14:08:44+00:00","dateModified":"2024-12-18T14:08:47+00:00","mainEntityOfPage":{"@id":"https:\/\/anaitasunaikastola.eus\/es\/25-de-noviembre-tratu-onekin-pozik-elkarrekin\/"},"wordCount":167,"image":{"@id":"https:\/\/anaitasunaikastola.eus\/es\/25-de-noviembre-tratu-onekin-pozik-elkarrekin\/#primaryimage"},"thumbnailUrl":"https:\/\/anaitasunaikastola.eus\/wp-content\/uploads\/2024\/12\/tartu.jpg","inLanguage":"es"},{"@type":"WebPage","@id":"https:\/\/anaitasunaikastola.eus\/es\/25-de-noviembre-tratu-onekin-pozik-elkarrekin\/","url":"https:\/\/anaitasunaikastola.eus\/es\/25-de-noviembre-tratu-onekin-pozik-elkarrekin\/","name":"25 de noviembre: Tratu onekin pozik elkarrekin - Anaitasuna Ikastola","isPartOf":{"@id":"https:\/\/anaitasunaikastola.eus\/es\/#website"},"primaryImageOfPage":{"@id":"https:\/\/anaitasunaikastola.eus\/es\/25-de-noviembre-tratu-onekin-pozik-elkarrekin\/#primaryimage"},"image":{"@id":"https:\/\/anaitasunaikastola.eus\/es\/25-de-noviembre-tratu-onekin-pozik-elkarrekin\/#primaryimage"},"thumbnailUrl":"https:\/\/anaitasunaikastola.eus\/wp-content\/uploads\/2024\/12\/tartu.jpg","datePublished":"2024-12-18T14:08:44+00:00","dateModified":"2024-12-18T14:08:47+00:00","author":{"@id":"https:\/\/anaitasunaikastola.eus\/es\/#\/schema\/person\/5eab3add6851ae1edce574d48515b711"},"breadcrumb":{"@id":"https:\/\/anaitasunaikastola.eus\/es\/25-de-noviembre-tratu-onekin-pozik-elkarrekin\/#breadcrumb"},"inLanguage":"es","potentialAction":[{"@type":"ReadAction","target":["https:\/\/anaitasunaikastola.eus\/es\/25-de-noviembre-tratu-onekin-pozik-elkarrekin\/"]}]},{"@type":"ImageObject","inLanguage":"es","@id":"https:\/\/anaitasunaikastola.eus\/es\/25-de-noviembre-tratu-onekin-pozik-elkarrekin\/#primaryimage","url":"https:\/\/anaitasunaikastola.eus\/wp-content\/uploads\/2024\/12\/tartu.jpg","contentUrl":"https:\/\/anaitasunaikastola.eus\/wp-content\/uploads\/2024\/12\/tartu.jpg","width":780,"height":404},{"@type":"BreadcrumbList","@id":"https:\/\/anaitasunaikastola.eus\/es\/25-de-noviembre-tratu-onekin-pozik-elkarrekin\/#breadcrumb","itemListElement":[{"@type":"ListItem","position":1,"name":"Home","item":"https:\/\/anaitasunaikastola.eus\/es\/"},{"@type":"ListItem","position":2,"name":"25 de noviembre: Tratu onekin pozik elkarrekin"}]},{"@type":"WebSite","@id":"https:\/\/anaitasunaikastola.eus\/es\/#website","url":"https:\/\/anaitasunaikastola.eus\/es\/","name":"Anaitasuna Ikastola","description":"HLH ikastolako webgunea \u00b7 Ermua","potentialAction":[{"@type":"SearchAction","target":{"@type":"EntryPoint","urlTemplate":"https:\/\/anaitasunaikastola.eus\/es\/?s={search_term_string}"},"query-input":{"@type":"PropertyValueSpecification","valueRequired":true,"valueName":"search_term_string"}}],"inLanguage":"es"},{"@type":"Person","@id":"https:\/\/anaitasunaikastola.eus\/es\/#\/schema\/person\/5eab3add6851ae1edce574d48515b711","name":"Anaitasuna","image":{"@type":"ImageObject","inLanguage":"es","@id":"https:\/\/secure.gravatar.com\/avatar\/da1cfe77a86b31ebb6491e6d623f25646c89ceb5a9cd16645c98e73b1a998395?s=96&d=mm&r=g","url":"https:\/\/secure.gravatar.com\/avatar\/da1cfe77a86b31ebb6491e6d623f25646c89ceb5a9cd16645c98e73b1a998395?s=96&d=mm&r=g","contentUrl":"https:\/\/secure.gravatar.com\/avatar\/da1cfe77a86b31ebb6491e6d623f25646c89ceb5a9cd16645c98e73b1a998395?s=96&d=mm&r=g","caption":"Anaitasuna"}}]}},"_links":{"self":[{"href":"https:\/\/anaitasunaikastola.eus\/es\/wp-json\/wp\/v2\/posts\/4114","targetHints":{"allow":["GET"]}}],"collection":[{"href":"https:\/\/anaitasunaikastola.eus\/es\/wp-json\/wp\/v2\/posts"}],"about":[{"href":"https:\/\/anaitasunaikastola.eus\/es\/wp-json\/wp\/v2\/types\/post"}],"author":[{"embeddable":true,"href":"https:\/\/anaitasunaikastola.eus\/es\/wp-json\/wp\/v2\/users\/4"}],"replies":[{"embeddable":true,"href":"https:\/\/anaitasunaikastola.eus\/es\/wp-json\/wp\/v2\/comments?post=4114"}],"version-history":[{"count":4,"href":"https:\/\/anaitasunaikastola.eus\/es\/wp-json\/wp\/v2\/posts\/4114\/revisions"}],"predecessor-version":[{"id":4119,"href":"https:\/\/anaitasunaikastola.eus\/es\/wp-json\/wp\/v2\/posts\/4114\/revisions\/4119"}],"wp:featuredmedia":[{"embeddable":true,"href":"https:\/\/anaitasunaikastola.eus\/es\/wp-json\/wp\/v2\/media\/4111"}],"wp:attachment":[{"href":"https:\/\/anaitasunaikastola.eus\/es\/wp-json\/wp\/v2\/media?parent=4114"}],"wp:term":[{"taxonomy":"category","embeddable":true,"href":"https:\/\/anaitasunaikastola.eus\/es\/wp-json\/wp\/v2\/categories?post=4114"},{"taxonomy":"post_tag","embeddable":true,"href":"https:\/\/anaitasunaikastola.eus\/es\/wp-json\/wp\/v2\/tags?post=4114"}],"curies":[{"name":"wp","href":"https:\/\/api.w.org\/{rel}","templated":true}]}}